{
    "id": 17314,
    "date": "2026-08-25T05:22:36",
    "date_gmt": "2026-08-25T05:22:36",
    "guid": {
        "rendered": "https:\/\/piliperezalpormayor.com\/?post_type=product&#038;p=17314"
    },
    "modified": "2026-08-26T18:38:32",
    "modified_gmt": "2026-08-26T18:38:32",
    "slug": "modelo-1291n-28-33-y-34-39-950e",
    "status": "publish",
    "type": "product",
    "link": "https:\/\/piliperezalpormayor.com\/en_us\/producto\/modelo-1291n-28-33-y-34-39-950e\/",
    "title": {
        "rendered": "Modelo 1291N (28-33 y 34-39)"
    },
    "content": {
        "rendered": "<p><strong>Modelo 1291N deportivo infantil de f\u00fatbol sala<\/strong>, fabricado en material sint\u00e9tico y destinado a la venta profesional al por mayor. Su dise\u00f1o combina cierre de velcro con cordones el\u00e1sticos, suela de goma y refuerzos en las zonas de mayor uso, una configuraci\u00f3n pr\u00e1ctica para comercios que buscan calzado deportivo infantil para actividades de interior.<\/p>\n<p>Este art\u00edculo se vende exclusivamente en <strong>cajas completas de 12 pares de un mismo color y tallaje<\/strong>. El cliente debe seleccionar tanto el color como uno de los dos tramos disponibles: <strong>28-33 o 34-39<\/strong>. Cada combinaci\u00f3n constituye una caja independiente; no se venden pares sueltos ni se mezclan colores o tallajes dentro de una misma opci\u00f3n.<\/p>\n<p>El precio profesional es de <strong>9,50 \u20ac por par<\/strong> y <strong>114,00 \u20ac por caja completa<\/strong>. Est\u00e1 disponible en Negro\/Verde, Marino\/Naranja y Azul\/Verde. Cada color lleva asociada su fotograf\u00eda para facilitar la identificaci\u00f3n antes de realizar el pedido. No es calzado barefoot o respetuoso. Antes de finalizar la compra, compruebe el color, el tallaje y la cantidad de cajas seleccionados.<\/p>",
        "protected": false
    },
    "excerpt": {
        "rendered": "<p>Deportivo infantil de f\u00fatbol sala en material sint\u00e9tico. Caja completa de 12 pares de un mismo color y tallaje. Precio por par: 9,50 \u20ac. Precio total por caja: 114,00 \u20ac.<\/p>",
        "protected": false
    },
    "featured_media": 17299,
    "comment_status": "open",
    "ping_status": "closed",
    "template": "",
    "meta": [],
    "product_brand": [],
    "product_cat": [
        249,
        149
    ],
    "product_tag": [],
    "class_list": {
        "0": "post-17314",
        "1": "product",
        "2": "type-product",
        "3": "status-publish",
        "4": "has-post-thumbnail",
        "6": "product_cat-deportivos-nino",
        "7": "product_cat-nino",
        "9": "first",
        "10": "instock",
        "11": "shipping-taxable",
        "12": "product-type-variable"
    },
    "_links": {
        "self": [
            {
                "href": "https:\/\/piliperezalpormayor.com\/en_us\/wp-json\/wp\/v2\/product\/17314",
                "targetHints": {
                    "allow": [
                        "GET"
                    ]
                }
            }
        ],
        "collection": [
            {
                "href": "https:\/\/piliperezalpormayor.com\/en_us\/wp-json\/wp\/v2\/product"
            }
        ],
        "about": [
            {
                "href": "https:\/\/piliperezalpormayor.com\/en_us\/wp-json\/wp\/v2\/types\/product"
            }
        ],
        "replies": [
            {
                "embeddable": true,
                "href": "https:\/\/piliperezalpormayor.com\/en_us\/wp-json\/wp\/v2\/comments?post=17314"
            }
        ],
        "wp:featuredmedia": [
            {
                "embeddable": true,
                "href": "https:\/\/piliperezalpormayor.com\/en_us\/wp-json\/wp\/v2\/media\/17299"
            }
        ],
        "wp:attachment": [
            {
                "href": "https:\/\/piliperezalpormayor.com\/en_us\/wp-json\/wp\/v2\/media?parent=17314"
            }
        ],
        "wp:term": [
            {
                "taxonomy": "product_brand",
                "embeddable": true,
                "href": "https:\/\/piliperezalpormayor.com\/en_us\/wp-json\/wp\/v2\/product_brand?post=17314"
            },
            {
                "taxonomy": "product_cat",
                "embeddable": true,
                "href": "https:\/\/piliperezalpormayor.com\/en_us\/wp-json\/wp\/v2\/product_cat?post=17314"
            },
            {
                "taxonomy": "product_tag",
                "embeddable": true,
                "href": "https:\/\/piliperezalpormayor.com\/en_us\/wp-json\/wp\/v2\/product_tag?post=17314"
            }
        ],
        "curies": [
            {
                "name": "wp",
                "href": "https:\/\/api.w.org\/{rel}",
                "templated": true
            }
        ]
    }
}