{
    "id": 18205,
    "date": "2026-08-29T08:29:27",
    "date_gmt": "2026-08-29T08:29:27",
    "guid": {
        "rendered": "https:\/\/piliperezalpormayor.com\/?post_type=product&#038;p=18205"
    },
    "modified": "2026-08-29T08:38:40",
    "modified_gmt": "2026-08-29T08:38:40",
    "slug": "bamba-infantil-de-pu-con-cordones-ref-xf33m-caja-de-12-pares",
    "status": "publish",
    "type": "product",
    "link": "https:\/\/piliperezalpormayor.com\/en_us\/producto\/bamba-infantil-de-pu-con-cordones-ref-xf33m-caja-de-12-pares\/",
    "title": {
        "rendered": "Bamba infantil de PU con cordones REF. XF33M \u2013 Caja de 12 pares"
    },
    "content": {
        "rendered": "<p><strong>Bamba infantil de PU REF. XF33M<\/strong>, dise\u00f1ada para la venta profesional al por mayor y disponible en los colores blanco y negro. Su estilo cl\u00e1sico de inspiraci\u00f3n deportiva, la puntera reforzada y la suela de aspecto vulcanizado la convierten en una propuesta comercial adecuada para completar colecciones infantiles de temporada.<\/p>\n<p>El modelo est\u00e1 fabricado en <strong>PU<\/strong> y dispone de cierre de cordones, facilitando un ajuste pr\u00e1ctico y c\u00f3modo. La combinaci\u00f3n de l\u00edneas sencillas y colores b\u00e1sicos permite ofrecer una opci\u00f3n vers\u00e1til para ni\u00f1o y ni\u00f1a, f\u00e1cil de coordinar con prendas informales y adecuada para el uso cotidiano.<\/p>\n<p>Se vende exclusivamente en <strong>cajas completas de 12 pares de un mismo color<\/strong>. Cada unidad a\u00f1adida al carrito corresponde a una caja completa; no se venden pares sueltos ni se pueden elegir tallas individuales. Las tallas vienen surtidas dentro del rango <strong>24-29 y 30-35<\/strong>.<\/p>\n<p>El precio es de <strong>6,95 \u20ac por par<\/strong> y <strong>83,40 \u20ac por la caja completa<\/strong>, IVA no incluido. Cada color aparece como una variaci\u00f3n independiente con su fotograf\u00eda correspondiente. Antes de finalizar el pedido, compruebe el color seleccionado y el n\u00famero de cajas solicitadas.<\/p>\n<ul>\n<li>Referencia: XF33M<\/li>\n<li>Tipo: bamba infantil<\/li>\n<li>Material exterior: PU<\/li>\n<li>Cierre: cierre de cordones<\/li>\n<li>Colores: Blanco, Negro<\/li>\n<li>Tallas surtidas: 24-29 y 30-35<\/li>\n<li>Contenido: 12 pares por caja y color<\/li>\n<li>Venta exclusiva al por mayor<\/li>\n<\/ul>",
        "protected": false
    },
    "excerpt": {
        "rendered": "<p>Bamba infantil de PU REF. XF33M, disponible en blanco y negro. Caja completa de 12 pares de un mismo color, con tallas surtidas 24-29 y 30-35. Precio por par: 6,95 \u20ac. Precio total por caja: 83,40 \u20ac.<\/p>",
        "protected": false
    },
    "featured_media": 18200,
    "comment_status": "open",
    "ping_status": "closed",
    "template": "",
    "meta": [],
    "product_brand": [],
    "product_cat": [
        240,
        249,
        157,
        149
    ],
    "product_tag": [
        408,
        407
    ],
    "class_list": {
        "0": "post-18205",
        "1": "product",
        "2": "type-product",
        "3": "status-publish",
        "4": "has-post-thumbnail",
        "6": "product_cat-deportivos-nina",
        "7": "product_cat-deportivos-nino",
        "8": "product_cat-nina",
        "9": "product_cat-nino",
        "10": "product_tag-nina",
        "11": "product_tag-nino",
        "13": "first",
        "14": "instock",
        "15": "shipping-taxable",
        "16": "product-type-variable"
    },
    "_links": {
        "self": [
            {
                "href": "https:\/\/piliperezalpormayor.com\/en_us\/wp-json\/wp\/v2\/product\/18205",
                "targetHints": {
                    "allow": [
                        "GET"
                    ]
                }
            }
        ],
        "collection": [
            {
                "href": "https:\/\/piliperezalpormayor.com\/en_us\/wp-json\/wp\/v2\/product"
            }
        ],
        "about": [
            {
                "href": "https:\/\/piliperezalpormayor.com\/en_us\/wp-json\/wp\/v2\/types\/product"
            }
        ],
        "replies": [
            {
                "embeddable": true,
                "href": "https:\/\/piliperezalpormayor.com\/en_us\/wp-json\/wp\/v2\/comments?post=18205"
            }
        ],
        "wp:featuredmedia": [
            {
                "embeddable": true,
                "href": "https:\/\/piliperezalpormayor.com\/en_us\/wp-json\/wp\/v2\/media\/18200"
            }
        ],
        "wp:attachment": [
            {
                "href": "https:\/\/piliperezalpormayor.com\/en_us\/wp-json\/wp\/v2\/media?parent=18205"
            }
        ],
        "wp:term": [
            {
                "taxonomy": "product_brand",
                "embeddable": true,
                "href": "https:\/\/piliperezalpormayor.com\/en_us\/wp-json\/wp\/v2\/product_brand?post=18205"
            },
            {
                "taxonomy": "product_cat",
                "embeddable": true,
                "href": "https:\/\/piliperezalpormayor.com\/en_us\/wp-json\/wp\/v2\/product_cat?post=18205"
            },
            {
                "taxonomy": "product_tag",
                "embeddable": true,
                "href": "https:\/\/piliperezalpormayor.com\/en_us\/wp-json\/wp\/v2\/product_tag?post=18205"
            }
        ],
        "curies": [
            {
                "name": "wp",
                "href": "https:\/\/api.w.org\/{rel}",
                "templated": true
            }
        ]
    }
}